{"id":58340,"date":"2026-08-31T16:46:51","date_gmt":"2026-08-31T14:46:51","guid":{"rendered":"https:\/\/fediverset.dk\/?p=58340"},"modified":"2026-08-31T16:46:51","modified_gmt":"2026-08-31T14:46:51","slug":"folkefoederation-soeger-input-til-sin-organisering","status":"publish","type":"post","link":"https:\/\/fediverset.dk\/en\/folkefoederation-soeger-input-til-sin-organisering\/","title":{"rendered":"Folkef\u00f8deration s\u00f8ger input til sin organisering"},"content":{"rendered":"<p>Du f\u00e5r lige et delikat stykke med nyhed med Folkef\u00f8deration igen (s\u00e5&#8217;gerne)&#8230; For de g\u00e6ve folk i f\u00f8derationen s\u00f8ger dine input ovre p\u00e5 deres Mastodon-profil til, hvordan de bedst kan organisere sig fremadrettet i forhold til at hj\u00e6lpe danske foreninger ind i f\u00f8diverset.<\/p>\n<p>Du kan kommentere p\u00e5 deres opslag lige her: <a href=\"https:\/\/expressional.social\/@folkefoderation\/117189900574827332\">Brainstorm-opslag<\/a><br \/>\n(der kommer et Mastodon-venligt link lige om lidt i kommentarene, n\u00e5r opslaget her federeres ud i verden)<\/p>\n<div class=\"activitypub-embed u-in-reply-to h-cite\">\n<div class=\"activitypub-embed-header p-author h-card\"> <img decoding=\"async\" class=\"u-photo\" src=\"https:\/\/media.expressional.social\/accounts\/avatars\/114\/110\/800\/076\/551\/986\/original\/86d6b363c13229ae.png\" alt=\"\" \/> <\/p>\n<div class=\"activitypub-embed-header-text\">\n<h2 class=\"p-name\">Folkef\u00f8deration<\/h2>\n<p> <a href=\"https:\/\/expressional.social\/users\/folkefoderation\" class=\"ap-account u-url\">@folkefoderation@expressional.social<\/a> <\/div>\n<\/p><\/div>\n<div class=\"activitypub-embed-content\">\n<div class=\"ap-subtitle p-summary e-content\">\n<p>Foreningsstruktur-brainstorm:<\/p>\n<p>Den oprindelige vision for Folkef\u00f8deration var at almindelige foreninger, fx. boligforeninger, skakklubber, kor osv. kunne melde sig ind og derigennem f\u00e5 sin egen instans p\u00e5 F\u00f8diverset. (Af <span class=\"h-card\"><a href=\"https:\/\/hub.volse.no\/channel\/katharsisdrill\" class=\"u-url mention\">@<span>katharsisdrill<\/span><\/a><\/span> ). Desv\u00e6rre tror jeg at det er for stort et ansvar for en almindelig forening. De har rigeligt at lave med det der i forvejen er deres forenings form\u00e5l og har ikke kr\u00e6fter til ogs\u00e5 fx at diskutere moderationspolitik og til at skulle forklare sine medlemmer om F\u00f8diverset. Vi kan stadig lave en demokratisk, andelsejet platform for instanser, men vi skal strukture det lidt anderledes. Sp\u00f8rgsm\u00e5let er hvordan. Jeg har to forslag som kommer i n\u00e6ste toot i tr\u00e5den her. Og jeg vil ogs\u00e5 gerne h\u00f8re jeres forslag!<\/p>\n<\/div><\/div>\n<div class=\"activitypub-embed-meta\"> <a href=\"https:\/\/expressional.social\/users\/folkefoderation\/statuses\/117189900574827332\" class=\"ap-stat ap-date dt-published u-in-reply-to\">31. August 2026, 11:32<\/a> <span class=\"ap-stat\"> <strong>2<\/strong> boosts <\/span> <span class=\"ap-stat\"> <strong>0<\/strong> favorites <\/span> <\/div>\n<\/p><\/div>\n<style>\/** * ActivityPub embed styles. *\/ .activitypub-embed { background: #fff; border: 1px solid #e6e6e6; border-radius: 12px; padding: 0; max-width: 100%; font-family: -apple-system, BlinkMacSystemFont, \"Segoe UI\", Roboto, Helvetica, Arial, sans-serif; } .activitypub-reply-block .activitypub-embed { margin: 1em 0; } .activitypub-embed-header { padding: 15px; display: flex; align-items: center; gap: 10px; } .activitypub-embed-header img { width: 48px; height: 48px; border-radius: 50%; } .activitypub-embed-header-text { flex-grow: 1; } .activitypub-embed-header-text h2 { color: #000; font-size: 15px; font-weight: 600; margin: 0; padding: 0; } .activitypub-embed-header-text .ap-account { color: #687684; font-size: 14px; text-decoration: none; } .activitypub-embed-content { padding: 0 15px 15px; } .activitypub-embed-content .ap-title { font-size: 23px; font-weight: 600; margin: 0 0 10px; padding: 0; color: #000; } .activitypub-embed-content .ap-subtitle { font-size: 15px; color: #000; margin: 0 0 15px; } .activitypub-embed-content .ap-preview { border: 1px solid #e6e6e6; border-radius: 8px; box-sizing: border-box; display: grid; gap: 2px; grid-template-columns: 1fr 1fr; grid-template-rows: 1fr 1fr; margin: 1em 0 0; min-height: 64px; overflow: hidden; position: relative; width: 100%; } .activitypub-embed-content .ap-preview img { border: 0; box-sizing: border-box; display: block; height: 100%; object-fit: cover; overflow: hidden; position: relative; width: 100%; } .activitypub-embed-content .ap-preview video, .activitypub-embed-content .ap-preview audio { max-width: 100%; display: block; grid-column: 1 \/ span 2; } .activitypub-embed-content .ap-preview audio { width: 100%; } .activitypub-embed-content .ap-preview.layout-1 { grid-template-columns: 1fr; grid-template-rows: 1fr; } .activitypub-embed-content .ap-preview.layout-2 { aspect-ratio: auto; grid-template-rows: 1fr; height: auto; } .activitypub-embed-content .ap-preview.layout-3 > img:first-child { grid-row: span 2; } .activitypub-embed-content .ap-preview-text { padding: 15px; } .activitypub-embed-meta { padding: 15px; border-top: 1px solid #e6e6e6; color: #687684; font-size: 13px; display: flex; gap: 15px; } .activitypub-embed-meta .ap-stat { display: flex; align-items: center; gap: 5px; } @media only screen and (max-width: 399px) { .activitypub-embed-meta span.ap-stat { display: none !important; } } .activitypub-embed-meta a.ap-stat { color: inherit; text-decoration: none; } .activitypub-embed-meta strong { font-weight: 600; color: #000; } .activitypub-embed-meta .ap-stat-label { color: #687684; } <\/style>","protected":false},"excerpt":{"rendered":"<p>Du f\u00e5r lige et delikat stykke med nyhed med Folkef\u00f8deration igen (s\u00e5&#8217;gerne)&#8230; For de g\u00e6ve folk i f\u00f8derationen s\u00f8ger dine input ovre p\u00e5 deres Mastodon-profil til, hvordan de bedst kan organisere sig fremadrettet i forhold til at hj\u00e6lpe danske foreninger ind i f\u00f8diverset. Du kan kommentere p\u00e5 deres opslag lige her: Brainstorm-opslag (der kommer et Mastodon-venligt link lige om lidt i&hellip;<\/p>","protected":false},"author":1,"featured_media":0,"comment_status":"open","ping_status":"open","sticky":false,"template":"","format":"standard","meta":{"_acf_changed":false,"activitypub_content_warning":"","activitypub_content_visibility":"","activitypub_max_image_attachments":3,"activitypub_interaction_policy_quote":"anyone","activitypub_status":"federated","footnotes":""},"categories":[1],"tags":[320,164,188,138],"class_list":["post-58340","post","type-post","status-publish","format-standard","hentry","category-nyheder","tag-folkefoederation","tag-danmark","tag-dknyheder","tag-nyheder"],"acf":[],"_links":{"self":[{"href":"https:\/\/fediverset.dk\/en\/wp-json\/wp\/v2\/posts\/58340","targetHints":{"allow":["GET"]}}],"collection":[{"href":"https:\/\/fediverset.dk\/en\/wp-json\/wp\/v2\/posts"}],"about":[{"href":"https:\/\/fediverset.dk\/en\/wp-json\/wp\/v2\/types\/post"}],"author":[{"embeddable":true,"href":"https:\/\/fediverset.dk\/en\/wp-json\/wp\/v2\/users\/1"}],"replies":[{"embeddable":true,"href":"https:\/\/fediverset.dk\/en\/wp-json\/wp\/v2\/comments?post=58340"}],"version-history":[{"count":1,"href":"https:\/\/fediverset.dk\/en\/wp-json\/wp\/v2\/posts\/58340\/revisions"}],"predecessor-version":[{"id":58341,"href":"https:\/\/fediverset.dk\/en\/wp-json\/wp\/v2\/posts\/58340\/revisions\/58341"}],"wp:attachment":[{"href":"https:\/\/fediverset.dk\/en\/wp-json\/wp\/v2\/media?parent=58340"}],"wp:term":[{"taxonomy":"category","embeddable":true,"href":"https:\/\/fediverset.dk\/en\/wp-json\/wp\/v2\/categories?post=58340"},{"taxonomy":"post_tag","embeddable":true,"href":"https:\/\/fediverset.dk\/en\/wp-json\/wp\/v2\/tags?post=58340"}],"curies":[{"name":"wp","href":"https:\/\/api.w.org\/{rel}","templated":true}]}}